{"id":18427,"date":"2026-08-31T16:31:24","date_gmt":"2026-08-31T14:31:24","guid":{"rendered":"https:\/\/www.kristallturm.com\/?p=18427"},"modified":"2026-09-01T16:59:04","modified_gmt":"2026-09-01T14:59:04","slug":"start-in-die-messe-saison-2026","status":"publish","type":"post","link":"https:\/\/www.kristallturm.com\/de\/start-in-die-messe-saison-2026\/","title":{"rendered":"IAAPA, GaLaBau &amp; Co: Start in die Messe-Saison 2026"},"content":{"rendered":"<div class=\"gb-container gb-container-60742a91 alignfull\"><div class=\"gb-inside-container\">\n<div class=\"gb-container gb-container-f185d16d\">\n\n\n\n<div class=\"gb-grid-wrapper gb-grid-wrapper-1b956f9c\">\n<div class=\"gb-grid-column gb-grid-column-9d88af25\"><div class=\"gb-container gb-container-9d88af25\">\n\n<figure class=\"wp-block-image size-large\"><img loading=\"lazy\" decoding=\"async\" width=\"1024\" height=\"768\" src=\"https:\/\/www.kristallturm.com\/wp-content\/uploads\/2026\/08\/a499bbaf-023b-456d-9025-6198c937b949-3-1024x768.jpg\" alt=\"\" class=\"wp-image-18489\" srcset=\"https:\/\/www.kristallturm.com\/wp-content\/uploads\/2026\/08\/a499bbaf-023b-456d-9025-6198c937b949-3-1024x768.jpg 1024w, https:\/\/www.kristallturm.com\/wp-content\/uploads\/2026\/08\/a499bbaf-023b-456d-9025-6198c937b949-3-300x225.jpg 300w, https:\/\/www.kristallturm.com\/wp-content\/uploads\/2026\/08\/a499bbaf-023b-456d-9025-6198c937b949-3-768x576.jpg 768w, https:\/\/www.kristallturm.com\/wp-content\/uploads\/2026\/08\/a499bbaf-023b-456d-9025-6198c937b949-3-1536x1152.jpg 1536w, https:\/\/www.kristallturm.com\/wp-content\/uploads\/2026\/08\/a499bbaf-023b-456d-9025-6198c937b949-3.jpg 2048w\" sizes=\"auto, (max-width: 1024px) 100vw, 1024px\" \/><\/figure>\n\n<\/div><\/div>\n\n<div class=\"gb-grid-column gb-grid-column-86840874\"><div class=\"gb-container gb-container-86840874\">\n\n<h1 class=\"gb-headline gb-headline-3cae5f8b no-wrap\"><span class=\"gb-icon\"><svg class=\"feather feather-minus\" stroke-linejoin=\"round\" stroke-linecap=\"round\" stroke-width=\"2\" stroke=\"currentColor\" fill=\"none\" viewBox=\"0 0 24 24\" height=\"48\" width=\"48\" xmlns=\"http:\/\/www.w3.org\/2000\/svg\"><path d=\"M5 12h14\"><\/path><\/svg><\/span><span class=\"gb-headline-text\"><strong>KristallTurm<sup>\u00ae<\/sup> startet in die Messe-saison 2026<\/strong> <\/span><\/h1>\n\n\n\n<p class=\"gb-headline gb-headline-23e29bb2 gb-headline-text\">IAAPA, GaLaBau, Vertical Pro &amp; Co. <\/p>\n\n\n\n<p class=\"wp-block-paragraph\" style=\"font-size:18px\"><strong>Von N\u00fcrnberg, \u00fcber London bis nach Orlando. Herbst bedeutet Messe-Hochsaison bei KristallTurm<sup>\u00ae<\/sup>. Besuchen Sie uns vor Ort an unseren Messe-St\u00e4nden. Wir freuen uns auf den pers\u00f6nlichen Austausch. <\/strong><\/p>\n\n\n<div class=\"gb-button-wrapper gb-button-wrapper-04066c02\">\n\n<a class=\"gb-button gb-button-3439581f gb-button-text\" href=\"https:\/\/www.kristallturm.com\/de\/kontakt\/\"><strong>JETZT TERMIN VEREINBAREN<\/strong><\/a>\n\n<\/div>\n<\/div><\/div>\n<\/div>\n<\/div>\n<\/div><div class=\"gb-shapes\"><div class=\"gb-shape gb-shape-1\"><svg xmlns=\"http:\/\/www.w3.org\/2000\/svg\" viewBox=\"0 0 1200 100\" preserveAspectRatio=\"none\"><path d=\"M1200 100H0V0l400 77.2L1200 0z\"\/><\/svg><\/div><\/div><\/div>\n\n<div class=\"gb-container gb-container-b134ec33\">\n\n<p class=\"wp-block-paragraph\">In der zweiten Jahresh\u00e4lfte ist KristallTurm<sup>\u00ae<\/sup> auf f\u00fcnf internationalen Fachmessen vertreten. Dabei treffen wir auf unterschiedlichste Branchen \u2013 von Garten- und Landschaftsbau \u00fcber Freizeit und Tourismus bis hin zu Stadtentwicklung. Im Mittelpunkt stehen unsere neusten Projekte und Produkte sowie unsere L\u00f6sungen f\u00fcr <strong>Klettern, Sport, Spiel und Abenteuer<\/strong> \u2013 und nat\u00fcrlich unsere aktuellen Projekte und Produktneuheiten.<\/p>\n\n\n\n<h2 class=\"gb-headline gb-headline-1e844373\"><span class=\"gb-icon\"><svg xmlns=\"http:\/\/www.w3.org\/2000\/svg\" viewBox=\"0 0 36.7 3\"><path d=\"M0 0h36.7v3H0z\"><\/path><\/svg><\/span><span class=\"gb-headline-text\"><strong>GALABAU N\u00dcRNBERG<\/strong><\/span><\/h2>\n\n\n\n<p class=\"wp-block-paragraph\"><strong>15. &#8211; 18. September | Halle 1 | Stand 1-613<\/strong><\/p>\n\n\n<div class=\"gb-grid-wrapper gb-grid-wrapper-d65b9694\">\n<div class=\"gb-grid-column gb-grid-column-ad152725\"><div class=\"gb-container gb-container-ad152725\">\n\n<p class=\"wp-block-paragraph\">2025 wurde unser PLayLetter bei den <em>IAAPA Brass Ring Awards<\/em> als <em>Bestes Neues Produkt<\/em> ausgezeichnet. 2026 pr\u00e4sentieren wir ihn vor Ort auf der <a href=\"https:\/\/www.galabau.de\/messe2026\"><strong>GaLaBau<\/strong><\/a> in N\u00fcrnberg. <\/p>\n\n\n\n<p class=\"wp-block-paragraph\">Beim <a href=\"https:\/\/www.kristallturm.com\/de\/sport-spiel\/playletter\/\"><strong>KristallTurm<sup>\u00ae<\/sup> PlayLetter<\/strong><\/a> handelt es sich um eine Spielwelt in Form eines riesigen Buchstabens aus Holz und Stahl. Die Konstruktion ist 6,20m (MID) bzw. 8m (LARGE) hoch und damit ein absoluter Blickfang. Damit bietet KristallTurm<sup>\u00ae<\/sup> Unternehmen, Organisationen und Freizeiteinrichtungen die M\u00f6glichkeit, sich auf au\u00dfergew\u00f6hnliche Weise zu pr\u00e4sentieren und ihre Marke mit einem spielerischen Erlebnis zu verbinden.<\/p>\n\n<\/div><\/div>\n\n<div class=\"gb-grid-column gb-grid-column-d1bf2970\"><div class=\"gb-container gb-container-d1bf2970\">\n\n<figure class=\"wp-block-image size-large has-lightbox\"><a href=\"https:\/\/www.kristallturm.com\/de\/sport-spiel\/playletter\/\"><img loading=\"lazy\" decoding=\"async\" width=\"1024\" height=\"682\" src=\"https:\/\/www.kristallturm.com\/wp-content\/uploads\/2026\/07\/000019437_KristallTurm-PlayLetter-Front-1024x682.jpg\" alt=\"KristallTurm PLayletter &quot;K&quot; f\u00fcr GaLaBau N\u00fcrnberg\" class=\"wp-image-17879\" srcset=\"https:\/\/www.kristallturm.com\/wp-content\/uploads\/2026\/07\/000019437_KristallTurm-PlayLetter-Front-1024x682.jpg 1024w, https:\/\/www.kristallturm.com\/wp-content\/uploads\/2026\/07\/000019437_KristallTurm-PlayLetter-Front-300x200.jpg 300w, https:\/\/www.kristallturm.com\/wp-content\/uploads\/2026\/07\/000019437_KristallTurm-PlayLetter-Front-768x512.jpg 768w, https:\/\/www.kristallturm.com\/wp-content\/uploads\/2026\/07\/000019437_KristallTurm-PlayLetter-Front.jpg 1280w\" sizes=\"auto, (max-width: 1024px) 100vw, 1024px\" \/><\/a><\/figure>\n\n<\/div><\/div>\n<\/div>\n\n<div class=\"gb-container gb-container-260e99dd\">\n<div class=\"gb-grid-wrapper gb-grid-wrapper-9bfaac73\">\n<div class=\"gb-grid-column gb-grid-column-5a511c7c\"><div class=\"gb-container gb-container-5a511c7c\">\n<div class=\"gb-container gb-container-ead46f40\">\n\n<p class=\"wp-block-paragraph\" style=\"font-size:16px\"><strong>N\u00fcrnbergMesse<\/strong><br>Messezentrum 1<br>90471 N\u00fcrnberg<br>Deutschland<\/p>\n\n<\/div>\n<\/div><\/div>\n\n<div class=\"gb-grid-column gb-grid-column-1d8773a4\"><div class=\"gb-container gb-container-1d8773a4\">\n\n<a class=\"gb-button gb-button-3b3fde08 gb-button-text\" href=\"https:\/\/www.kristallturm.com\/de\/kontakt\/\"><strong>Termin vereinbaren<\/strong><\/a>\n\n\n\n<p class=\"wp-block-paragraph\"><em>Bei Bedarf stellen wir Ihnen gerne ein Besucherticket zur Verf\u00fcgung.<\/em><\/p>\n\n<\/div><\/div>\n<\/div>\n<\/div>\n<\/div>\n\n<div class=\"gb-container gb-container-8d406b21\">\n\n<h2 class=\"gb-headline gb-headline-64998717\"><span class=\"gb-icon\"><svg xmlns=\"http:\/\/www.w3.org\/2000\/svg\" viewBox=\"0 0 36.7 3\"><path d=\"M0 0h36.7v3H0z\"><\/path><\/svg><\/span><span class=\"gb-headline-text\"><strong><strong>IAAPA EXPO EUROPE LONDON<\/strong><\/strong><\/span><\/h2>\n\n\n\n<p class=\"wp-block-paragraph\"><strong>22. &#8211; 24. September | Stand S3131<\/strong><\/p>\n\n\n<div class=\"gb-grid-wrapper gb-grid-wrapper-9bfaac73\">\n<div class=\"gb-grid-column gb-grid-column-5a511c7c\"><div class=\"gb-container gb-container-5a511c7c\">\n\n<p class=\"wp-block-paragraph\">Von N\u00fcrnberg geht es f\u00fcr uns direkt weiter nach London zur <strong><a href=\"https:\/\/iaapa.org\/expos-and-events\/expo-europe\">IAAPA Expo Europe<\/a><\/strong> \u2013 einem der wichtigsten Treffpunkte der europ\u00e4ischen Freizeitindustrie. Hier dreht sich alles um neue Attraktionen, innovative Freizeitkonzepte und die Frage, wie Standorte langfristig attraktiv und wirtschaftlich erfolgreich gestaltet werden k\u00f6nnen.<\/p>\n\n\n\n<a class=\"gb-button gb-button-86437b69 gb-button-text\" href=\"https:\/\/www.kristallturm.com\/de\/kontakt\/\"><strong>Termin vereinbaren<\/strong><\/a>\n\n\n\n<p class=\"wp-block-paragraph\"><em>Bei Bedarf stellen wir Ihnen gerne ein Besucherticket zur Verf\u00fcgung. <\/em><\/p>\n\n<\/div><\/div>\n\n<div class=\"gb-grid-column gb-grid-column-1d8773a4\"><div class=\"gb-container gb-container-1d8773a4\">\n<div class=\"gb-container gb-container-ead46f40\">\n\n<p class=\"wp-block-paragraph\" style=\"font-size:16px\"><strong>Excel London<\/strong> <br>One Western Gateway, Royal Victoria Dock,<br>London E16 1XL<br>UK<\/p>\n\n<\/div>\n<\/div><\/div>\n<\/div>\n<\/div>\n\n<div class=\"gb-container gb-container-dec85daa\">\n\n<h2 class=\"gb-headline gb-headline-135be42d\"><span class=\"gb-icon\"><svg xmlns=\"http:\/\/www.w3.org\/2000\/svg\" viewBox=\"0 0 36.7 3\"><path d=\"M0 0h36.7v3H0z\"><\/path><\/svg><\/span><span class=\"gb-headline-text\"><strong><strong>SMART CITY EXPO BARCELONA<\/strong><\/strong><\/span><\/h2>\n\n\n\n<p class=\"wp-block-paragraph\"><strong>3. &#8211; 5. November | Stand tbd.<\/strong><\/p>\n\n\n<div class=\"gb-grid-wrapper gb-grid-wrapper-9bfaac73\">\n<div class=\"gb-grid-column gb-grid-column-5a511c7c\"><div class=\"gb-container gb-container-5a511c7c\">\n\n<p class=\"wp-block-paragraph\">Wie schauen lebenswerte und innovative St\u00e4dte von morgen aus? Die <strong><a href=\"https:\/\/www.smartcityexpo.com\/\">Smart City Expo World Congress<\/a> in Barcelona<\/strong> ist die weltweit f\u00fchrende Plattform f\u00fcr innovative und zukunftsf\u00e4hige Stadtentwicklung. St\u00e4dte, Kommunen, Unternehmen und Planer aus aller Welt kommen hier zusammen, um L\u00f6sungen f\u00fcr lebenswertere urbane R\u00e4ume zu entwickeln. KristallTurm<sup>\u00ae<\/sup> pr\u00e4sentiert dabei M\u00f6glichkeiten, <strong>Sport, Spiel und Bewegung nachhaltig in den \u00f6ffentlichen Raum zu integrieren<\/strong>.<\/p>\n\n\n\n<a class=\"gb-button gb-button-dea494d1 gb-button-text\" href=\"https:\/\/www.kristallturm.com\/de\/kontakt\/\"><strong>Termin vereinbaren<\/strong><\/a>\n\n<\/div><\/div>\n\n<div class=\"gb-grid-column gb-grid-column-1d8773a4\"><div class=\"gb-container gb-container-1d8773a4\">\n<div class=\"gb-container gb-container-ead46f40\">\n\n<p class=\"wp-block-paragraph\" style=\"font-size:16px\"><strong>Fira Barcelona<\/strong><br>Montju\u00efc Venue<br>Avda. Reina Maria Cristina s\/n<br>08004 Barcelona<br>Spanien<\/p>\n\n<\/div>\n<\/div><\/div>\n<\/div>\n<\/div>\n\n<div class=\"gb-container gb-container-04f53e49\">\n\n<h2 class=\"gb-headline gb-headline-10ef28fb\"><span class=\"gb-icon\"><svg xmlns=\"http:\/\/www.w3.org\/2000\/svg\" viewBox=\"0 0 36.7 3\"><path d=\"M0 0h36.7v3H0z\"><\/path><\/svg><\/span><span class=\"gb-headline-text\"><strong><strong>VERTICAL PRO FRIEDRICHSHAFEN<\/strong><\/strong><\/span><\/h2>\n\n\n\n<p class=\"wp-block-paragraph\"><strong>13. &#8211; 14. November | Halle A6<\/strong><\/p>\n\n\n<div class=\"gb-grid-wrapper gb-grid-wrapper-fce08235\">\n<div class=\"gb-grid-column gb-grid-column-87e6ae70\"><div class=\"gb-container gb-container-87e6ae70\">\n\n<p class=\"wp-block-paragraph\">Auf der <strong><a href=\"https:\/\/www.vertical-pro.de\/\">VERTICAL PRO<\/a> <\/strong>in Friedrichshafen pr\u00e4sentiert die <strong><a href=\"https:\/\/kt-safetyservice.de\/?xdomain_data=hqVU53vxic%2FHDCAJVv%2BSIy2mr8rkr%2FvTH18%2BrJ9XOXgj77h0%2BXh3bwMy4eBtMUh3\">KristallTurm<sup>\u00ae<\/sup> Safety &amp; Service GmbH<\/a><\/strong> ihr Leistungsspektrum rund um den sicheren Betrieb von Kletteranlagen. Im Fokus stehen <strong>Equipment, Inspektion, Wartung und Service<\/strong>. Ein KristallTurm<sup>\u00ae<\/sup> Hochseilg\u00e4rten sowie eine unserer Kletterw\u00e4nde stehen vor Ort zum Testen und Demonstrieren von Ausr\u00fcstung &amp; Co. zur Verf\u00fcgung.<\/p>\n\n\n\n<a class=\"gb-button gb-button-24205d54 gb-button-text\" href=\"https:\/\/www.kristallturm.com\/de\/kontakt\/\"><strong>Termin vereinbaren<\/strong><\/a>\n\n<\/div><\/div>\n\n<div class=\"gb-grid-column gb-grid-column-9ef7350e\"><div class=\"gb-container gb-container-9ef7350e\">\n<div class=\"gb-container gb-container-0aef86af\">\n\n<p class=\"wp-block-paragraph\" style=\"font-size:16px\"><strong>Messe Friedrichshafen<\/strong><br>Neue Messe 1<br>88046 Friedrichshafen<br>Deutschland<\/p>\n\n<\/div>\n<\/div><\/div>\n<\/div>\n<\/div>\n\n<div class=\"gb-container gb-container-9df68787\">\n\n<h2 class=\"gb-headline gb-headline-b529b1b4\"><span class=\"gb-icon\"><svg xmlns=\"http:\/\/www.w3.org\/2000\/svg\" viewBox=\"0 0 36.7 3\"><path d=\"M0 0h36.7v3H0z\"><\/path><\/svg><\/span><span class=\"gb-headline-text\"><strong><strong>IAAPA EXPO ORLANDO<\/strong><\/strong><\/span><\/h2>\n\n\n\n<p class=\"wp-block-paragraph\"><strong>17. &#8211; 20. November |  Stand S3767<\/strong><\/p>\n\n\n<div class=\"gb-grid-wrapper gb-grid-wrapper-07d14aaa\">\n<div class=\"gb-grid-column gb-grid-column-4fe45eb6\"><div class=\"gb-container gb-container-4fe45eb6\">\n\n<p class=\"wp-block-paragraph\">Orlando gilt als die Hauptstadt der Vergn\u00fcgungs- und Themenparks und bietet damit den passenden Rahmen f\u00fcr die <a href=\"https:\/\/iaapa.org\/expos-and-events\/iaapa-expo\"><strong>IAAPA Expo<\/strong><\/a> \u2013 die bedeutendste Fachmesse der internationalen Freizeit- und Attraktionsindustrie. Hier trifft sich, was in der Branche Rang und Namen hat: Betreiber, Hersteller, Entwickler, Planer und Entscheider aus Freizeitparks, Resorts, Zoos, FECs und vielen weiteren Bereichen.<\/p>\n\n\n\n<p class=\"wp-block-paragraph\">F\u00fcr KristallTurm<sup>\u00ae<\/sup> ist Orlando damit der kr\u00f6nende Abschluss der Messesaison \u2013 und zugleich einer der wichtigsten Treffpunkte f\u00fcr <strong>internationale Kontakte, neue Projekte und die neuesten Entwicklungen der Branche<\/strong>.<\/p>\n\n\n\n<a class=\"gb-button gb-button-0b3a56df gb-button-text\" href=\"https:\/\/www.kristallturm.com\/de\/kontakt\/\"><strong>Termin vereinbaren<\/strong><\/a>\n\n\n\n<p class=\"wp-block-paragraph\"><em>Bei Bedarf stellen wir Ihnen gerne ein Besucherticket zur Verf\u00fcgung.<\/em><\/p>\n\n<\/div><\/div>\n\n<div class=\"gb-grid-column gb-grid-column-91685581\"><div class=\"gb-container gb-container-91685581\">\n<div class=\"gb-container gb-container-5b180f3f\">\n\n<p class=\"wp-block-paragraph\" style=\"font-size:16px\"><strong>Orange County Convention Center (OCCC)<\/strong><br>South Building<br>9400 Universal Boulevard<br>Orlando, FL 32819 <br>USA<\/p>\n\n<\/div>\n<\/div><\/div>\n<\/div>\n<\/div>\n\n<div class=\"gb-container gb-container-b1410b86 alignfull\"><div class=\"gb-inside-container\">\n<div class=\"gb-grid-wrapper gb-grid-wrapper-7f89f00d\">\n<div class=\"gb-grid-column gb-grid-column-3f7680be\"><div class=\"gb-container gb-container-3f7680be\">\n\n<figure class=\"wp-block-image size-full\"><img loading=\"lazy\" decoding=\"async\" width=\"1280\" height=\"853\" src=\"https:\/\/www.kristallturm.com\/wp-content\/uploads\/2026\/08\/KristallTurm-IAAPA-Expo-Orlando.jpg\" alt=\"KristallTurm Expo Orlando\" class=\"wp-image-18500\" style=\"aspect-ratio:1.2883333333333333;object-fit:cover\" srcset=\"https:\/\/www.kristallturm.com\/wp-content\/uploads\/2026\/08\/KristallTurm-IAAPA-Expo-Orlando.jpg 1280w, https:\/\/www.kristallturm.com\/wp-content\/uploads\/2026\/08\/KristallTurm-IAAPA-Expo-Orlando-300x200.jpg 300w, https:\/\/www.kristallturm.com\/wp-content\/uploads\/2026\/08\/KristallTurm-IAAPA-Expo-Orlando-1024x682.jpg 1024w, https:\/\/www.kristallturm.com\/wp-content\/uploads\/2026\/08\/KristallTurm-IAAPA-Expo-Orlando-768x512.jpg 768w\" sizes=\"auto, (max-width: 1280px) 100vw, 1280px\" \/><\/figure>\n\n<\/div><\/div>\n\n<div class=\"gb-grid-column gb-grid-column-5d546acf\"><div class=\"gb-container gb-container-5d546acf\">\n\n<figure class=\"wp-block-image size-full\"><img loading=\"lazy\" decoding=\"async\" width=\"569\" height=\"853\" src=\"https:\/\/www.kristallturm.com\/wp-content\/uploads\/2026\/08\/KristallTurm-IAAPA-Expo-Orlando_OCCC.jpg\" alt=\"\" class=\"wp-image-18503\" style=\"aspect-ratio:0.6283333333333333;object-fit:cover\" srcset=\"https:\/\/www.kristallturm.com\/wp-content\/uploads\/2026\/08\/KristallTurm-IAAPA-Expo-Orlando_OCCC.jpg 569w, https:\/\/www.kristallturm.com\/wp-content\/uploads\/2026\/08\/KristallTurm-IAAPA-Expo-Orlando_OCCC-200x300.jpg 200w\" sizes=\"auto, (max-width: 569px) 100vw, 569px\" \/><\/figure>\n\n<\/div><\/div>\n<\/div>\n<\/div><\/div>\n\n<div class=\"gb-container gb-container-79760d93 alignfull\"><\/div>\n\n\n<p class=\"wp-block-paragraph\"><\/p>\n","protected":false},"excerpt":{"rendered":"<p>In der zweiten Jahresh\u00e4lfte ist KristallTurm\u00ae auf f\u00fcnf internationalen Fachmessen vertreten. Dabei treffen wir auf unterschiedlichste Branchen \u2013 von Garten- und Landschaftsbau \u00fcber Freizeit und Tourismus bis hin zu Stadtentwicklung. Im Mittelpunkt stehen unsere neusten Projekte und Produkte sowie unsere L\u00f6sungen f\u00fcr Klettern, Sport, Spiel und Abenteuer \u2013 und nat\u00fcrlich unsere aktuellen Projekte und Produktneuheiten. &#8230; <a title=\"IAAPA, GaLaBau &amp; Co: Start in die Messe-Saison 2026\" class=\"read-more\" href=\"https:\/\/www.kristallturm.com\/de\/start-in-die-messe-saison-2026\/\" aria-label=\"Mehr Informationen \u00fcber IAAPA, GaLaBau &amp; Co: Start in die Messe-Saison 2026\">Weiterlesen<\/a><\/p>\n","protected":false},"author":15,"featured_media":18489,"comment_status":"closed","ping_status":"open","sticky":false,"template":"","format":"standard","meta":{"_acf_changed":false,"_coblocks_attr":"","_coblocks_dimensions":"","_coblocks_responsive_height":"","_coblocks_accordion_ie_support":"","footnotes":""},"categories":[1],"tags":[],"class_list":["post-18427","post","type-post","status-publish","format-standard","has-post-thumbnail","hentry","category-news","masonry-post","generate-columns","tablet-grid-50","mobile-grid-100","grid-parent","grid-50"],"acf":[],"yoast_head":"<!-- This site is optimized with the Yoast SEO plugin v28.4 - https:\/\/yoast.com\/product\/yoast-seo-wordpress\/ -->\n<title>KristallTurm\u00ae - Messen 2026<\/title>\n<meta name=\"description\" content=\"GaLaBau, IAAPA Expo, Vertical Pro &amp; Smart City Expo \u27a4 Besuchen Sie uns in N\u00fcrnberg, London, Friedrichshagen, Orlando oder Barcelona\" \/>\n<meta name=\"robots\" content=\"index, follow, max-snippet:-1, max-image-preview:large, max-video-preview:-1\" \/>\n<link rel=\"canonical\" href=\"https:\/\/www.kristallturm.com\/de\/start-in-die-messe-saison-2026\/\" \/>\n<meta property=\"og:locale\" content=\"de_DE\" \/>\n<meta property=\"og:type\" content=\"article\" \/>\n<meta property=\"og:title\" content=\"KristallTurm\u00ae - Messen 2026\" \/>\n<meta property=\"og:description\" content=\"GaLaBau, IAAPA Expo, Vertical Pro &amp; Smart City Expo \u27a4 Besuchen Sie uns in N\u00fcrnberg, London, Friedrichshagen, Orlando oder Barcelona\" \/>\n<meta property=\"og:url\" content=\"https:\/\/www.kristallturm.com\/de\/start-in-die-messe-saison-2026\/\" \/>\n<meta property=\"og:site_name\" content=\"Kristallturm\" \/>\n<meta property=\"article:publisher\" content=\"https:\/\/www.facebook.com\/Kristallturm\/\" \/>\n<meta property=\"article:published_time\" content=\"2026-08-31T14:31:24+00:00\" \/>\n<meta property=\"article:modified_time\" content=\"2026-09-01T14:59:04+00:00\" \/>\n<meta property=\"og:image\" content=\"https:\/\/www.kristallturm.com\/wp-content\/uploads\/2026\/08\/a499bbaf-023b-456d-9025-6198c937b949-3.jpg\" \/>\n\t<meta property=\"og:image:width\" content=\"2048\" \/>\n\t<meta property=\"og:image:height\" content=\"1536\" \/>\n\t<meta property=\"og:image:type\" content=\"image\/jpeg\" \/>\n<meta name=\"author\" content=\"julia krinner\" \/>\n<meta name=\"twitter:card\" content=\"summary_large_image\" \/>\n<meta name=\"twitter:label1\" content=\"Verfasst von\" \/>\n\t<meta name=\"twitter:data1\" content=\"julia krinner\" \/>\n\t<meta name=\"twitter:label2\" content=\"Gesch\u00e4tzte Lesezeit\" \/>\n\t<meta name=\"twitter:data2\" content=\"5\u00a0Minuten\" \/>\n<script type=\"application\/ld+json\" class=\"yoast-schema-graph\">{\"@context\":\"https:\\\/\\\/schema.org\",\"@graph\":[{\"@type\":\"Article\",\"@id\":\"https:\\\/\\\/www.kristallturm.com\\\/de\\\/start-in-die-messe-saison-2026\\\/#article\",\"isPartOf\":{\"@id\":\"https:\\\/\\\/www.kristallturm.com\\\/de\\\/start-in-die-messe-saison-2026\\\/\"},\"author\":{\"name\":\"julia krinner\",\"@id\":\"https:\\\/\\\/www.kristallturm.com\\\/de\\\/#\\\/schema\\\/person\\\/46c8d80cf15e56603d4341a94df35403\"},\"headline\":\"IAAPA, GaLaBau &amp; Co: Start in die Messe-Saison 2026\",\"datePublished\":\"2026-08-31T14:31:24+00:00\",\"dateModified\":\"2026-09-01T14:59:04+00:00\",\"mainEntityOfPage\":{\"@id\":\"https:\\\/\\\/www.kristallturm.com\\\/de\\\/start-in-die-messe-saison-2026\\\/\"},\"wordCount\":580,\"publisher\":{\"@id\":\"https:\\\/\\\/www.kristallturm.com\\\/de\\\/#organization\"},\"image\":{\"@id\":\"https:\\\/\\\/www.kristallturm.com\\\/de\\\/start-in-die-messe-saison-2026\\\/#primaryimage\"},\"thumbnailUrl\":\"https:\\\/\\\/www.kristallturm.com\\\/wp-content\\\/uploads\\\/2026\\\/08\\\/a499bbaf-023b-456d-9025-6198c937b949-3.jpg\",\"articleSection\":[\"News\"],\"inLanguage\":\"de\"},{\"@type\":\"WebPage\",\"@id\":\"https:\\\/\\\/www.kristallturm.com\\\/de\\\/start-in-die-messe-saison-2026\\\/\",\"url\":\"https:\\\/\\\/www.kristallturm.com\\\/de\\\/start-in-die-messe-saison-2026\\\/\",\"name\":\"KristallTurm\u00ae - Messen 2026\",\"isPartOf\":{\"@id\":\"https:\\\/\\\/www.kristallturm.com\\\/de\\\/#website\"},\"primaryImageOfPage\":{\"@id\":\"https:\\\/\\\/www.kristallturm.com\\\/de\\\/start-in-die-messe-saison-2026\\\/#primaryimage\"},\"image\":{\"@id\":\"https:\\\/\\\/www.kristallturm.com\\\/de\\\/start-in-die-messe-saison-2026\\\/#primaryimage\"},\"thumbnailUrl\":\"https:\\\/\\\/www.kristallturm.com\\\/wp-content\\\/uploads\\\/2026\\\/08\\\/a499bbaf-023b-456d-9025-6198c937b949-3.jpg\",\"datePublished\":\"2026-08-31T14:31:24+00:00\",\"dateModified\":\"2026-09-01T14:59:04+00:00\",\"description\":\"GaLaBau, IAAPA Expo, Vertical Pro & Smart City Expo \u27a4 Besuchen Sie uns in N\u00fcrnberg, London, Friedrichshagen, Orlando oder Barcelona\",\"breadcrumb\":{\"@id\":\"https:\\\/\\\/www.kristallturm.com\\\/de\\\/start-in-die-messe-saison-2026\\\/#breadcrumb\"},\"inLanguage\":\"de\",\"potentialAction\":[{\"@type\":\"ReadAction\",\"target\":[\"https:\\\/\\\/www.kristallturm.com\\\/de\\\/start-in-die-messe-saison-2026\\\/\"]}]},{\"@type\":\"ImageObject\",\"inLanguage\":\"de\",\"@id\":\"https:\\\/\\\/www.kristallturm.com\\\/de\\\/start-in-die-messe-saison-2026\\\/#primaryimage\",\"url\":\"https:\\\/\\\/www.kristallturm.com\\\/wp-content\\\/uploads\\\/2026\\\/08\\\/a499bbaf-023b-456d-9025-6198c937b949-3.jpg\",\"contentUrl\":\"https:\\\/\\\/www.kristallturm.com\\\/wp-content\\\/uploads\\\/2026\\\/08\\\/a499bbaf-023b-456d-9025-6198c937b949-3.jpg\",\"width\":2048,\"height\":1536},{\"@type\":\"BreadcrumbList\",\"@id\":\"https:\\\/\\\/www.kristallturm.com\\\/de\\\/start-in-die-messe-saison-2026\\\/#breadcrumb\",\"itemListElement\":[{\"@type\":\"ListItem\",\"position\":1,\"name\":\"Home\",\"item\":\"https:\\\/\\\/www.kristallturm.com\\\/de\\\/\"},{\"@type\":\"ListItem\",\"position\":2,\"name\":\"IAAPA, GaLaBau &amp; Co: Start in die Messe-Saison 2026\"}]},{\"@type\":\"WebSite\",\"@id\":\"https:\\\/\\\/www.kristallturm.com\\\/de\\\/#website\",\"url\":\"https:\\\/\\\/www.kristallturm.com\\\/de\\\/\",\"name\":\"Kristallturm\",\"description\":\"THE HIGH ROPES COURSE\",\"publisher\":{\"@id\":\"https:\\\/\\\/www.kristallturm.com\\\/de\\\/#organization\"},\"potentialAction\":[{\"@type\":\"SearchAction\",\"target\":{\"@type\":\"EntryPoint\",\"urlTemplate\":\"https:\\\/\\\/www.kristallturm.com\\\/de\\\/?s={search_term_string}\"},\"query-input\":{\"@type\":\"PropertyValueSpecification\",\"valueRequired\":true,\"valueName\":\"search_term_string\"}}],\"inLanguage\":\"de\"},{\"@type\":\"Organization\",\"@id\":\"https:\\\/\\\/www.kristallturm.com\\\/de\\\/#organization\",\"name\":\"KristallTurm GmbH & Co. KG\",\"alternateName\":\"KristallTurm\",\"url\":\"https:\\\/\\\/www.kristallturm.com\\\/de\\\/\",\"logo\":{\"@type\":\"ImageObject\",\"inLanguage\":\"de\",\"@id\":\"https:\\\/\\\/www.kristallturm.com\\\/de\\\/#\\\/schema\\\/logo\\\/image\\\/\",\"url\":\"https:\\\/\\\/www.kristallturm.com\\\/wp-content\\\/uploads\\\/2020\\\/11\\\/KT_Logo-Zusa_ab-2020_en.png\",\"contentUrl\":\"https:\\\/\\\/www.kristallturm.com\\\/wp-content\\\/uploads\\\/2020\\\/11\\\/KT_Logo-Zusa_ab-2020_en.png\",\"width\":1523,\"height\":806,\"caption\":\"KristallTurm GmbH & Co. KG\"},\"image\":{\"@id\":\"https:\\\/\\\/www.kristallturm.com\\\/de\\\/#\\\/schema\\\/logo\\\/image\\\/\"},\"sameAs\":[\"https:\\\/\\\/www.facebook.com\\\/Kristallturm\\\/\",\"https:\\\/\\\/www.instagram.com\\\/kristallturm_germany\\\/\"]},{\"@type\":\"Person\",\"@id\":\"https:\\\/\\\/www.kristallturm.com\\\/de\\\/#\\\/schema\\\/person\\\/46c8d80cf15e56603d4341a94df35403\",\"name\":\"julia krinner\",\"image\":{\"@type\":\"ImageObject\",\"inLanguage\":\"de\",\"@id\":\"https:\\\/\\\/secure.gravatar.com\\\/avatar\\\/1479ad35bc8753aa66747f484da1a3d26f122dee75eca7cef5d33ebd5c93261b?s=96&d=mm&r=g\",\"url\":\"https:\\\/\\\/secure.gravatar.com\\\/avatar\\\/1479ad35bc8753aa66747f484da1a3d26f122dee75eca7cef5d33ebd5c93261b?s=96&d=mm&r=g\",\"contentUrl\":\"https:\\\/\\\/secure.gravatar.com\\\/avatar\\\/1479ad35bc8753aa66747f484da1a3d26f122dee75eca7cef5d33ebd5c93261b?s=96&d=mm&r=g\",\"caption\":\"julia krinner\"},\"url\":\"https:\\\/\\\/www.kristallturm.com\\\/de\\\/author\\\/krinner\\\/\"}]}<\/script>\n<!-- \/ Yoast SEO plugin. -->","yoast_head_json":{"title":"KristallTurm\u00ae - Messen 2026","description":"GaLaBau, IAAPA Expo, Vertical Pro & Smart City Expo \u27a4 Besuchen Sie uns in N\u00fcrnberg, London, Friedrichshagen, Orlando oder Barcelona","robots":{"index":"index","follow":"follow","max-snippet":"max-snippet:-1","max-image-preview":"max-image-preview:large","max-video-preview":"max-video-preview:-1"},"canonical":"https:\/\/www.kristallturm.com\/de\/start-in-die-messe-saison-2026\/","og_locale":"de_DE","og_type":"article","og_title":"KristallTurm\u00ae - Messen 2026","og_description":"GaLaBau, IAAPA Expo, Vertical Pro & Smart City Expo \u27a4 Besuchen Sie uns in N\u00fcrnberg, London, Friedrichshagen, Orlando oder Barcelona","og_url":"https:\/\/www.kristallturm.com\/de\/start-in-die-messe-saison-2026\/","og_site_name":"Kristallturm","article_publisher":"https:\/\/www.facebook.com\/Kristallturm\/","article_published_time":"2026-08-31T14:31:24+00:00","article_modified_time":"2026-09-01T14:59:04+00:00","og_image":[{"width":2048,"height":1536,"url":"https:\/\/www.kristallturm.com\/wp-content\/uploads\/2026\/08\/a499bbaf-023b-456d-9025-6198c937b949-3.jpg","type":"image\/jpeg"}],"author":"julia krinner","twitter_card":"summary_large_image","twitter_misc":{"Verfasst von":"julia krinner","Gesch\u00e4tzte Lesezeit":"5\u00a0Minuten"},"schema":{"@context":"https:\/\/schema.org","@graph":[{"@type":"Article","@id":"https:\/\/www.kristallturm.com\/de\/start-in-die-messe-saison-2026\/#article","isPartOf":{"@id":"https:\/\/www.kristallturm.com\/de\/start-in-die-messe-saison-2026\/"},"author":{"name":"julia krinner","@id":"https:\/\/www.kristallturm.com\/de\/#\/schema\/person\/46c8d80cf15e56603d4341a94df35403"},"headline":"IAAPA, GaLaBau &amp; Co: Start in die Messe-Saison 2026","datePublished":"2026-08-31T14:31:24+00:00","dateModified":"2026-09-01T14:59:04+00:00","mainEntityOfPage":{"@id":"https:\/\/www.kristallturm.com\/de\/start-in-die-messe-saison-2026\/"},"wordCount":580,"publisher":{"@id":"https:\/\/www.kristallturm.com\/de\/#organization"},"image":{"@id":"https:\/\/www.kristallturm.com\/de\/start-in-die-messe-saison-2026\/#primaryimage"},"thumbnailUrl":"https:\/\/www.kristallturm.com\/wp-content\/uploads\/2026\/08\/a499bbaf-023b-456d-9025-6198c937b949-3.jpg","articleSection":["News"],"inLanguage":"de"},{"@type":"WebPage","@id":"https:\/\/www.kristallturm.com\/de\/start-in-die-messe-saison-2026\/","url":"https:\/\/www.kristallturm.com\/de\/start-in-die-messe-saison-2026\/","name":"KristallTurm\u00ae - Messen 2026","isPartOf":{"@id":"https:\/\/www.kristallturm.com\/de\/#website"},"primaryImageOfPage":{"@id":"https:\/\/www.kristallturm.com\/de\/start-in-die-messe-saison-2026\/#primaryimage"},"image":{"@id":"https:\/\/www.kristallturm.com\/de\/start-in-die-messe-saison-2026\/#primaryimage"},"thumbnailUrl":"https:\/\/www.kristallturm.com\/wp-content\/uploads\/2026\/08\/a499bbaf-023b-456d-9025-6198c937b949-3.jpg","datePublished":"2026-08-31T14:31:24+00:00","dateModified":"2026-09-01T14:59:04+00:00","description":"GaLaBau, IAAPA Expo, Vertical Pro & Smart City Expo \u27a4 Besuchen Sie uns in N\u00fcrnberg, London, Friedrichshagen, Orlando oder Barcelona","breadcrumb":{"@id":"https:\/\/www.kristallturm.com\/de\/start-in-die-messe-saison-2026\/#breadcrumb"},"inLanguage":"de","potentialAction":[{"@type":"ReadAction","target":["https:\/\/www.kristallturm.com\/de\/start-in-die-messe-saison-2026\/"]}]},{"@type":"ImageObject","inLanguage":"de","@id":"https:\/\/www.kristallturm.com\/de\/start-in-die-messe-saison-2026\/#primaryimage","url":"https:\/\/www.kristallturm.com\/wp-content\/uploads\/2026\/08\/a499bbaf-023b-456d-9025-6198c937b949-3.jpg","contentUrl":"https:\/\/www.kristallturm.com\/wp-content\/uploads\/2026\/08\/a499bbaf-023b-456d-9025-6198c937b949-3.jpg","width":2048,"height":1536},{"@type":"BreadcrumbList","@id":"https:\/\/www.kristallturm.com\/de\/start-in-die-messe-saison-2026\/#breadcrumb","itemListElement":[{"@type":"ListItem","position":1,"name":"Home","item":"https:\/\/www.kristallturm.com\/de\/"},{"@type":"ListItem","position":2,"name":"IAAPA, GaLaBau &amp; Co: Start in die Messe-Saison 2026"}]},{"@type":"WebSite","@id":"https:\/\/www.kristallturm.com\/de\/#website","url":"https:\/\/www.kristallturm.com\/de\/","name":"Kristallturm","description":"THE HIGH ROPES COURSE","publisher":{"@id":"https:\/\/www.kristallturm.com\/de\/#organization"},"potentialAction":[{"@type":"SearchAction","target":{"@type":"EntryPoint","urlTemplate":"https:\/\/www.kristallturm.com\/de\/?s={search_term_string}"},"query-input":{"@type":"PropertyValueSpecification","valueRequired":true,"valueName":"search_term_string"}}],"inLanguage":"de"},{"@type":"Organization","@id":"https:\/\/www.kristallturm.com\/de\/#organization","name":"KristallTurm GmbH & Co. KG","alternateName":"KristallTurm","url":"https:\/\/www.kristallturm.com\/de\/","logo":{"@type":"ImageObject","inLanguage":"de","@id":"https:\/\/www.kristallturm.com\/de\/#\/schema\/logo\/image\/","url":"https:\/\/www.kristallturm.com\/wp-content\/uploads\/2020\/11\/KT_Logo-Zusa_ab-2020_en.png","contentUrl":"https:\/\/www.kristallturm.com\/wp-content\/uploads\/2020\/11\/KT_Logo-Zusa_ab-2020_en.png","width":1523,"height":806,"caption":"KristallTurm GmbH & Co. KG"},"image":{"@id":"https:\/\/www.kristallturm.com\/de\/#\/schema\/logo\/image\/"},"sameAs":["https:\/\/www.facebook.com\/Kristallturm\/","https:\/\/www.instagram.com\/kristallturm_germany\/"]},{"@type":"Person","@id":"https:\/\/www.kristallturm.com\/de\/#\/schema\/person\/46c8d80cf15e56603d4341a94df35403","name":"julia krinner","image":{"@type":"ImageObject","inLanguage":"de","@id":"https:\/\/secure.gravatar.com\/avatar\/1479ad35bc8753aa66747f484da1a3d26f122dee75eca7cef5d33ebd5c93261b?s=96&d=mm&r=g","url":"https:\/\/secure.gravatar.com\/avatar\/1479ad35bc8753aa66747f484da1a3d26f122dee75eca7cef5d33ebd5c93261b?s=96&d=mm&r=g","contentUrl":"https:\/\/secure.gravatar.com\/avatar\/1479ad35bc8753aa66747f484da1a3d26f122dee75eca7cef5d33ebd5c93261b?s=96&d=mm&r=g","caption":"julia krinner"},"url":"https:\/\/www.kristallturm.com\/de\/author\/krinner\/"}]}},"_links":{"self":[{"href":"https:\/\/www.kristallturm.com\/de\/wp-json\/wp\/v2\/posts\/18427","targetHints":{"allow":["GET"]}}],"collection":[{"href":"https:\/\/www.kristallturm.com\/de\/wp-json\/wp\/v2\/posts"}],"about":[{"href":"https:\/\/www.kristallturm.com\/de\/wp-json\/wp\/v2\/types\/post"}],"author":[{"embeddable":true,"href":"https:\/\/www.kristallturm.com\/de\/wp-json\/wp\/v2\/users\/15"}],"replies":[{"embeddable":true,"href":"https:\/\/www.kristallturm.com\/de\/wp-json\/wp\/v2\/comments?post=18427"}],"version-history":[{"count":14,"href":"https:\/\/www.kristallturm.com\/de\/wp-json\/wp\/v2\/posts\/18427\/revisions"}],"predecessor-version":[{"id":18530,"href":"https:\/\/www.kristallturm.com\/de\/wp-json\/wp\/v2\/posts\/18427\/revisions\/18530"}],"wp:featuredmedia":[{"embeddable":true,"href":"https:\/\/www.kristallturm.com\/de\/wp-json\/wp\/v2\/media\/18489"}],"wp:attachment":[{"href":"https:\/\/www.kristallturm.com\/de\/wp-json\/wp\/v2\/media?parent=18427"}],"wp:term":[{"taxonomy":"category","embeddable":true,"href":"https:\/\/www.kristallturm.com\/de\/wp-json\/wp\/v2\/categories?post=18427"},{"taxonomy":"post_tag","embeddable":true,"href":"https:\/\/www.kristallturm.com\/de\/wp-json\/wp\/v2\/tags?post=18427"}],"curies":[{"name":"wp","href":"https:\/\/api.w.org\/{rel}","templated":true}]}}